{"id":81,"date":"2018-05-03T12:47:27","date_gmt":"2018-05-03T10:47:27","guid":{"rendered":"http:\/\/www.autidem.net\/?p=81"},"modified":"2018-05-03T13:02:40","modified_gmt":"2018-05-03T11:02:40","slug":"heide-rock-am-16-6-2018","status":"publish","type":"post","link":"http:\/\/www.autidem.net\/?p=81","title":{"rendered":"Heide-Rock am 16.6.2018!"},"content":{"rendered":"<p><a href=\"http:\/\/www.autidem.net\/wp-content\/uploads\/2018\/05\/Einladung_Heiderock.jpg\"><img loading=\"lazy\" decoding=\"async\" class=\"aligncenter size-medium wp-image-82\" src=\"http:\/\/www.autidem.net\/wp-content\/uploads\/2018\/05\/Einladung_Heiderock-216x300.jpg\" alt=\"\" width=\"216\" height=\"300\" srcset=\"http:\/\/www.autidem.net\/wp-content\/uploads\/2018\/05\/Einladung_Heiderock-216x300.jpg 216w, http:\/\/www.autidem.net\/wp-content\/uploads\/2018\/05\/Einladung_Heiderock.jpg 703w\" sizes=\"auto, (max-width: 216px) 100vw, 216px\" \/><\/a><\/p>\n<p>Am Samstag, 16.6.2018 rockt ab 17:00 Uhr die Pivitsheide!<\/p>\n<p>F\u00fcr Musik, Bratwurst und Getr\u00e4nke ist gesorgt.<\/p>\n<p>Live-Acts auf der B\u00fchne: <a href=\"https:\/\/www.facebook.com\/piiwhat\/\">PI\u0141OT PIWOT<\/a> und <a href=\"https:\/\/www.facebook.com\/AUT-IDEM-337210109748748\">AUT iDEM<\/a><\/p>\n<iframe id=\"facbook_like_box_1\" src=\"\/\/www.facebook.com\/v11.0\/plugins\/page.php?adapt_container_width=true&#038;container_width=300&#038;width=300&#038;height=80&#038;hide_cover=false&#038;href=https%3A%2F%2Fwww.facebook.com%2F337210109748748&#038;locale=en_US&#038;sdk=joey&#038;show_facepile=false&#038;tabs=false&#038;show_posts=false&#038;small_header=true\" scrolling=\"no\" allowTransparency=\"true\" style=\"border:1px solid #FFFFFF; overflow:hidden;visibility:hidden; max-width:500px; width:300px; height:80px;\"><\/iframe><script>\r\n\t\tif(typeof(jQuery)==\"undefined\")\r\n\t\t\tjQuery=window.parent.jQuery;\r\n\t\tif(typeof(like_box_animated_element)==\"undefined\")\r\n\t\t\tlike_box_animated_element=window.parent.like_box_animated_element;\r\n\t\tif(typeof(like_box_set_width_cur_element)==\"undefined\")\r\n\t\t\tlike_box_set_width_cur_element=window.parent.like_box_animated_element;\t\t\r\n\t\tjQuery(document).ready(function(){\r\n\t\t\tdocument.getElementById(\"facbook_like_box_1\").style.visibility=\"visible\"\r\n\t\t\tlike_box_set_width_cur_element(\"facbook_like_box_1\",300)\r\n\t\t\t});<\/script>\n","protected":false},"excerpt":{"rendered":"<p>Am Samstag, 16.6.2018 rockt ab 17:00 Uhr die Pivitsheide! F\u00fcr Musik, Bratwurst und Getr\u00e4nke ist gesorgt. Live-Acts auf der B\u00fchne: [&hellip;]<\/p>\n","protected":false},"author":3,"featured_media":0,"comment_status":"closed","ping_status":"open","sticky":false,"template":"","format":"standard","meta":{"ngg_post_thumbnail":0,"footnotes":""},"categories":[1],"tags":[],"class_list":["post-81","post","type-post","status-publish","format-standard","hentry","category-allgemein"],"_links":{"self":[{"href":"http:\/\/www.autidem.net\/index.php?rest_route=\/wp\/v2\/posts\/81","targetHints":{"allow":["GET"]}}],"collection":[{"href":"http:\/\/www.autidem.net\/index.php?rest_route=\/wp\/v2\/posts"}],"about":[{"href":"http:\/\/www.autidem.net\/index.php?rest_route=\/wp\/v2\/types\/post"}],"author":[{"embeddable":true,"href":"http:\/\/www.autidem.net\/index.php?rest_route=\/wp\/v2\/users\/3"}],"replies":[{"embeddable":true,"href":"http:\/\/www.autidem.net\/index.php?rest_route=%2Fwp%2Fv2%2Fcomments&post=81"}],"version-history":[{"count":5,"href":"http:\/\/www.autidem.net\/index.php?rest_route=\/wp\/v2\/posts\/81\/revisions"}],"predecessor-version":[{"id":90,"href":"http:\/\/www.autidem.net\/index.php?rest_route=\/wp\/v2\/posts\/81\/revisions\/90"}],"wp:attachment":[{"href":"http:\/\/www.autidem.net\/index.php?rest_route=%2Fwp%2Fv2%2Fmedia&parent=81"}],"wp:term":[{"taxonomy":"category","embeddable":true,"href":"http:\/\/www.autidem.net\/index.php?rest_route=%2Fwp%2Fv2%2Fcategories&post=81"},{"taxonomy":"post_tag","embeddable":true,"href":"http:\/\/www.autidem.net\/index.php?rest_route=%2Fwp%2Fv2%2Ftags&post=81"}],"curies":[{"name":"wp","href":"https:\/\/api.w.org\/{rel}","templated":true}]}}